[{"@context":"https:\/\/schema.org\/","@type":"Article","@id":"https:\/\/www.bardi.cz\/stale-na-stejne-misto\/#Article","mainEntityOfPage":"https:\/\/www.bardi.cz\/stale-na-stejne-misto\/","headline":"St\u00e1le na stejn\u00e9 m\u00edsto","name":"St\u00e1le na stejn\u00e9 m\u00edsto","description":"Moje mamka a jej\u00ed p\u0159\u00edtel maj\u00ed sv\u00e9 m\u00edsto, kam jezd\u00ed pravideln\u011b. Ubytov\u00e1n\u00ed v Chorvatsku tak ne\u0159e\u0161\u00ed, sta\u010d\u00ed jim zavolat Denisovi, co\u017e je majitel hotelu a domluv\u00ed si jen term\u00edn. Od mo\u0159e je to kousek a ono si na toto m\u00edsto tak zvykli, \u017ee i kdy\u017e jsme je p\u0159emlouvali, \u017ee pojedeme s nimi, ale jinam, nedali<em class=\"excrpt-more\"><a href=\"https:\/\/www.bardi.cz\/stale-na-stejne-misto\/\" class=\"more-link\">Continue reading <span class=\"screen-reader-text\">St\u00e1le na stejn\u00e9 m\u00edsto<\/span><\/a><\/em>","datePublished":"2024-12-15","dateModified":"2024-12-15","author":{"@type":"Person","@id":"https:\/\/www.bardi.cz\/author\/#Person","name":"","url":"https:\/\/www.bardi.cz\/author\/","identifier":1,"image":{"@type":"ImageObject","@id":"https:\/\/secure.gravatar.com\/avatar\/c0c0e488d5f88ebdb5e32a558e21f6df03f38644814b5677bcd67e16813bee55?s=96&d=mm&r=g","url":"https:\/\/secure.gravatar.com\/avatar\/c0c0e488d5f88ebdb5e32a558e21f6df03f38644814b5677bcd67e16813bee55?s=96&d=mm&r=g","height":96,"width":96}},"publisher":{"@type":"Organization","name":"bardi.cz","logo":{"@type":"ImageObject","@id":"\/logo.png","url":"\/logo.png","width":600,"height":60}},"url":"https:\/\/www.bardi.cz\/stale-na-stejne-misto\/","wordCount":203,"articleBody":" Moje mamka a jej\u00ed p\u0159\u00edtel maj\u00ed sv\u00e9 m\u00edsto, kam jezd\u00ed pravideln\u011b. Ubytov\u00e1n\u00ed v Chorvatsku tak ne\u0159e\u0161\u00ed, sta\u010d\u00ed jim zavolat Denisovi, co\u017e je majitel hotelu a domluv\u00ed si jen term\u00edn. Od mo\u0159e je to kousek a ono si na toto m\u00edsto tak zvykli, \u017ee i kdy\u017e jsme je p\u0159emlouvali, \u017ee pojedeme s nimi, ale jinam, nedali si \u0159\u00edct. Nakonec jedou sami, tedy se sv\u00fdmi vrstevn\u00edky a moc se t\u011b\u0161\u00ed. Jsou jako mal\u00e9 d\u011bti, kter\u00e9 se vrac\u00ed na obl\u00edben\u00e9 p\u00edskovi\u0161t\u011b. Byla Adriana panna? Jestli byla Adriana p\u0159ed odjezdem do zahrani\u010d\u00ed panna, o tom se dneska m\u016f\u017ee jej\u00ed maminka jen domn\u00edvat. Je\u0161t\u011b p\u0159ed af\u00e9rou by za ni dala ruku do ohn\u011b. Nev\u011bd\u011bla, \u017ee je u\u017e sexu\u00e1ln\u011b aktivn\u00ed. Zajistila ji tehdy sama ubytov\u00e1n\u00ed v Chorvatsku a m\u011bla o ni ty nej\u010dist\u011bj\u0161\u00ed \u00famysly. Kdy\u017e se ale vr\u00e1tila a dozv\u011bd\u011bla se, \u017ee je nejsp\u00ed\u0161 t\u011bhotn\u00e1, v\u0161echna jej\u00ed o\u010dek\u00e1v\u00e1n\u00ed z dcery byla pry\u010d. Po d\u016fkladn\u00fdch vy\u0161et\u0159en\u00edch se nakonec uk\u00e1zalo, \u017ee to byl plan\u00fd poplach, na\u0161t\u011bst\u00ed!                                                                                                                                                                                                                                                                                                                                                                                        4\/5 - (3 votes)        "},{"@context":"https:\/\/schema.org\/","@type":"BreadcrumbList","itemListElement":[{"@type":"ListItem","position":1,"name":"St\u00e1le na stejn\u00e9 m\u00edsto","item":"https:\/\/www.bardi.cz\/stale-na-stejne-misto\/#breadcrumbitem"}]}]