[{"@context":"https:\/\/schema.org\/","@type":"Article","@id":"https:\/\/www.bardi.cz\/pohadky-na-dobrou-noc-a-vecernicky\/#Article","mainEntityOfPage":"https:\/\/www.bardi.cz\/pohadky-na-dobrou-noc-a-vecernicky\/","headline":"Poh\u00e1dky na dobrou noc a ve\u010dern\u00ed\u010dky","name":"Poh\u00e1dky na dobrou noc a ve\u010dern\u00ed\u010dky","description":"V\u011bt\u0161ina d\u011bt\u00ed, pokud nejsou zasa\u017eeny t\u011b\u017ek\u00fdmi osobn\u00edmi nebo rodinn\u00fdmi traumaty, se chov\u00e1 naprosto p\u0159irozen\u011b a nem\u00e1 z\u00e1brany posuzovat pravdiv\u011b v\u0161e, co kolem sebe sleduje a vn\u00edm\u00e1. Nen\u00ed zkr\u00e1tka sev\u0159eno p\u0159edsudky a dogmaty, kter\u00fdmi je sv\u011bt dosp\u011bl\u00fdch p\u0159\u00edmo zahlcen. Mal\u00e9 bezbrann\u00e9 d\u011bti vn\u00edmaj\u00ed velice citliv\u011b n\u00e1sil\u00ed v\u00a0jak\u00e9koli form\u011b, a m\u016f\u017ee j\u00edt o docela nen\u00e1padn\u00fd psychick\u00fd n\u00e1tlak,<em class=\"excrpt-more\"><a href=\"https:\/\/www.bardi.cz\/pohadky-na-dobrou-noc-a-vecernicky\/\" class=\"more-link\">Continue reading <span class=\"screen-reader-text\">Poh\u00e1dky na dobrou noc a ve\u010dern\u00ed\u010dky<\/span><\/a><\/em>","datePublished":"2018-11-18","dateModified":"2023-05-01","author":{"@type":"Person","@id":"https:\/\/www.bardi.cz\/author\/#Person","name":"","url":"https:\/\/www.bardi.cz\/author\/","identifier":1,"image":{"@type":"ImageObject","@id":"https:\/\/secure.gravatar.com\/avatar\/c0c0e488d5f88ebdb5e32a558e21f6df03f38644814b5677bcd67e16813bee55?s=96&d=mm&r=g","url":"https:\/\/secure.gravatar.com\/avatar\/c0c0e488d5f88ebdb5e32a558e21f6df03f38644814b5677bcd67e16813bee55?s=96&d=mm&r=g","height":96,"width":96}},"publisher":{"@type":"Organization","name":"bardi.cz","logo":{"@type":"ImageObject","@id":"\/logo.png","url":"\/logo.png","width":600,"height":60}},"image":{"@type":"ImageObject","@id":"https:\/\/www.bardi.cz\/wp-content\/uploads\/img_a330723_w2087_t1543230512.jpg","url":"https:\/\/www.bardi.cz\/wp-content\/uploads\/img_a330723_w2087_t1543230512.jpg","height":0,"width":0},"url":"https:\/\/www.bardi.cz\/pohadky-na-dobrou-noc-a-vecernicky\/","wordCount":472,"articleBody":"\tV\u011bt\u0161ina d\u011bt\u00ed, pokud nejsou zasa\u017eeny t\u011b\u017ek\u00fdmi osobn\u00edmi nebo rodinn\u00fdmi traumaty, se chov\u00e1 naprosto p\u0159irozen\u011b a nem\u00e1 z\u00e1brany posuzovat pravdiv\u011b v\u0161e, co kolem sebe sleduje a vn\u00edm\u00e1. Nen\u00ed zkr\u00e1tka sev\u0159eno p\u0159edsudky a dogmaty, kter\u00fdmi je sv\u011bt dosp\u011bl\u00fdch p\u0159\u00edmo zahlcen. Mal\u00e9 bezbrann\u00e9 d\u011bti vn\u00edmaj\u00ed velice citliv\u011b n\u00e1sil\u00ed v\u00a0jak\u00e9koli form\u011b, a m\u016f\u017ee j\u00edt o docela nen\u00e1padn\u00fd psychick\u00fd n\u00e1tlak, kter\u00fd pak vytv\u00e1\u0159\u00ed v\u00a0jejich osobnosti t\u011b\u017ece odstraniteln\u00e9 bloky. M\u011bli bychom si tato fakta uv\u011bdomit v\u010das a po\u010d\u00edtat s\u00a0nimi v\u00a0na\u0161em v\u00fdchovn\u00e9m procesu.\tNed\u00e1vno prob\u011bhla zaj\u00edmav\u00e1 anketa, zda d\u011btem \u010d\u00edst poh\u00e1dky na dobrou noc, a jak\u00e9 poh\u00e1dkov\u00e9 ve\u010dern\u00ed\u010dkov\u00e9 p\u0159\u00edb\u011bhy milujeme. V\u00fdsledky byly skute\u010dn\u011b zaj\u00edmav\u00e9 a pro mnoh\u00e9 z\u00a0v\u00e1s i p\u0159ekvapiv\u00e9. V\u0161ichni jsme m\u011bli poh\u00e1dky r\u00e1di, z\u00e1le\u017eelo pochopiteln\u011b na kvalit\u011b obsahov\u00e9, a na\u0161im bl\u00edzk\u00fdm jsme dok\u00e1zali odpustit i nep\u0159\u00edli\u0161 v\u011brohodn\u00fd p\u0159ednes. D\u016fle\u017eit\u00e9 bylo, zda opravdu zv\u00edt\u011bzilo dobro nad zlem, a \u017ee tedy v\u0161echno dob\u0159e dopadlo.\tZamilovan\u00e9 ve\u010dern\u00ed\u010dkyMo\u017en\u00e1 p\u0159ekvapiv\u011b, i kdy\u017e ne tak docela bezd\u016fvodn\u011b, zv\u00edt\u011bzily na cel\u00e9 \u010d\u00e1\u0159e ve\u010dern\u00ed\u010dky z\u00a0produkce tvo\u0159iv\u00fdch d\u00edlen anim\u00e1tor\u016f a herc\u016f ze 70. a 80. let minul\u00e9ho stolet\u00ed, tedy z\u00a0obdob\u00ed re\u00e1ln\u00e9ho socialismu. Byla to toti\u017e doba mnohem klidn\u011bj\u0161\u00ed, pravdiv\u011bj\u0161\u00ed, m\u00e9n\u011b komerce a stresu, v\u00edce osobn\u00edch srde\u010dn\u00fdch vztah\u016f mezi lidmi. Mal\u00e9 d\u011bti nem\u016f\u017eete v\u00a0tomto sm\u011bru oklamat.Krkono\u0161sk\u00e1 poh\u00e1dka \u2013 rok 1974 &#8211; hran\u00e9 p\u0159\u00edb\u011bhy se studiov\u00fdmi kulisami p\u016fsob\u00ed v\u011brohodn\u011b a p\u0159edev\u0161\u00edm hereck\u00fd v\u00fdkon v\u0161ech protagonist\u016f miluj\u00ed generace sou\u010dasn\u00fdch p\u0159ed\u0161koln\u00edch i \u0161kolou povinn\u00fdch d\u011bt\u00ed, a samoz\u0159ejm\u011b i dosp\u011bl\u00ed \u0161irok\u00e9ho v\u011bkov\u00e9ho rozp\u011bt\u00ed.Krte\u010dek s\u00a0kapsami \u2013 rok 1975 \u2013 kreslen\u00e9 postavi\u010dky nevyslovily jedin\u00e9 sl\u016fvko, p\u0159esto z\u00a0pohybov\u00fdch gest a barvit\u00fdch citoslovc\u016f d\u011bti dok\u00e1\u017eou vy\u010d\u00edst, kde je pravda a dobro, a kde zloba a le\u017e. Tyto nad\u010dasov\u00e9 poh\u00e1dky oslovuj\u00ed d\u011bti i dosp\u011bl\u00e9 v\u00edce ne\u017e 40 let.Bob a Bobek \u2013 rok 1979 \u2013 legend\u00e1rn\u00ed kr\u00e1l\u00edci s\u00a0hlasov\u00fdm vstupem Josefa Dvo\u0159\u00e1ka rozhodn\u011b nezklamou, podobn\u011b jako Maxipes F\u00edk. Na dal\u0161\u00edch m\u00edstech \u00fasp\u011b\u0161nosti se um\u00edstily J\u00e1ja a P\u00e1ja, Pat a Mat, V\u010del\u00ed medv\u00eddci, K\u0159em\u00edlek a Vochom\u016frka, Mach a \u0160ebestov\u00e1, R\u00e1kosn\u00ed\u010dek, Spejbl a Hurv\u00ednek, Makov\u00e1 panenka a V\u00edla Am\u00e1lka.                                                                                                                                                                                                                                                                                                                                                                                        4.1\/5 - (9 votes)        "},{"@context":"https:\/\/schema.org\/","@type":"BreadcrumbList","itemListElement":[{"@type":"ListItem","position":1,"name":"Poh\u00e1dky na dobrou noc a ve\u010dern\u00ed\u010dky","item":"https:\/\/www.bardi.cz\/pohadky-na-dobrou-noc-a-vecernicky\/#breadcrumbitem"}]}]