[{"@context":"https:\/\/schema.org\/","@type":"Article","@id":"https:\/\/www.bardi.cz\/na-syru-se-podilel-i-kun\/#Article","mainEntityOfPage":"https:\/\/www.bardi.cz\/na-syru-se-podilel-i-kun\/","headline":"Na s\u00fdru se pod\u00edlel i k\u016f\u0148","name":"Na s\u00fdru se pod\u00edlel i k\u016f\u0148","description":"N\u011bkter\u00e9 produkty, bez kter\u00fdch u\u017e si nedovedeme p\u0159edstavit n\u00e1\u0161 j\u00eddeln\u00ed\u010dek, vznikly docela n\u00e1hodou. o\u00a0\u00a0 P\u0159esn\u011b tak se to ud\u00e1lo i se s\u00fdry. o\u00a0\u00a0 Podle d\u00e1vn\u00e9 legendy, n\u00e1m vznik s\u00fdr\u016f za\u0159\u00eddily ko\u010dovn\u00e9 kmeny, ze St\u0159edn\u00edho v\u00fdchodu. o\u00a0\u00a0 Pr\u00fd si, jeden nom\u00e1d, cht\u011bl vz\u00edt na dlouhou cestu ml\u00e9ko. o\u00a0\u00a0 Aby ho m\u011bl v \u010dem uchovat, nalil ho<em class=\"excrpt-more\"><a href=\"https:\/\/www.bardi.cz\/na-syru-se-podilel-i-kun\/\" class=\"more-link\">Continue reading <span class=\"screen-reader-text\">Na s\u00fdru se pod\u00edlel i k\u016f\u0148<\/span><\/a><\/em>","datePublished":"2017-01-08","dateModified":"2023-05-01","author":{"@type":"Person","@id":"https:\/\/www.bardi.cz\/author\/#Person","name":"","url":"https:\/\/www.bardi.cz\/author\/","identifier":1,"image":{"@type":"ImageObject","@id":"https:\/\/secure.gravatar.com\/avatar\/c0c0e488d5f88ebdb5e32a558e21f6df03f38644814b5677bcd67e16813bee55?s=96&d=mm&r=g","url":"https:\/\/secure.gravatar.com\/avatar\/c0c0e488d5f88ebdb5e32a558e21f6df03f38644814b5677bcd67e16813bee55?s=96&d=mm&r=g","height":96,"width":96}},"publisher":{"@type":"Organization","name":"bardi.cz","logo":{"@type":"ImageObject","@id":"\/logo.png","url":"\/logo.png","width":600,"height":60}},"image":{"@type":"ImageObject","@id":"https:\/\/www.bardi.cz\/wp-content\/uploads\/img_a282144_w1916_t1601885723.jpg","url":"https:\/\/www.bardi.cz\/wp-content\/uploads\/img_a282144_w1916_t1601885723.jpg","height":0,"width":0},"url":"https:\/\/www.bardi.cz\/na-syru-se-podilel-i-kun\/","wordCount":404,"articleBody":"N\u011bkter\u00e9 produkty, bez kter\u00fdch u\u017e si nedovedeme p\u0159edstavit n\u00e1\u0161 j\u00eddeln\u00ed\u010dek, vznikly docela n\u00e1hodou.o\u00a0\u00a0 P\u0159esn\u011b tak se to ud\u00e1lo i se s\u00fdry.o\u00a0\u00a0 Podle d\u00e1vn\u00e9 legendy, n\u00e1m vznik s\u00fdr\u016f za\u0159\u00eddily ko\u010dovn\u00e9 kmeny, ze St\u0159edn\u00edho v\u00fdchodu.o\u00a0\u00a0 Pr\u00fd si, jeden nom\u00e1d, cht\u011bl vz\u00edt na dlouhou cestu ml\u00e9ko.o\u00a0\u00a0 Aby ho m\u011bl v \u010dem uchovat, nalil ho do vaku, vyroben\u00e9ho ze zv\u00ed\u0159ec\u00edho \u017ealudku.&#8211;\u00a0\u00a0\u00a0\u00a0\u00a0\u00a0\u00a0\u00a0 A nastala reakce.&#8211;\u00a0\u00a0\u00a0\u00a0\u00a0\u00a0\u00a0\u00a0 Rennin, enzym, kter\u00fd obsahuj\u00ed \u017ealude\u010dn\u00ed \u0161\u0165\u00e1vy, za\u010dal v ml\u00e9ce pracovat.&#8211;\u00a0\u00a0\u00a0\u00a0\u00a0\u00a0\u00a0\u00a0 Pomohlo mu slune\u010dn\u00ed teplo.&#8211;\u00a0\u00a0\u00a0\u00a0\u00a0\u00a0\u00a0\u00a0 Posledn\u00ed pr\u00e1ci vykonal k\u016f\u0148.&#8211;\u00a0\u00a0\u00a0\u00a0\u00a0\u00a0\u00a0\u00a0 T\u00edm, \u017ee sv\u00fdm krokem s vakem pot\u0159\u00e1sal, vznikla syrov\u00e1tka a s\u00fd\u0159enina.\t\tJe libo koz\u00ed nebo osl\u00ed?Nejstar\u0161\u00ed, fyzick\u00e9 d\u016fkazy o existenci s\u00fdra, poch\u00e1zej\u00ed z Mezopot\u00e1mie.Jsou star\u00e9 osm tis\u00edc let. Ale ani Egypt a \u0158ecko se nenechaly, o n\u011bkolik tis\u00edc let pozd\u011bji, zahanbit.o\u00a0\u00a0 Zpracov\u00e1valy zkva\u0161en\u00e9 ml\u00e9ko na jogurty a kef\u00edry.o\u00a0\u00a0 Odd\u011blila se syrov\u00e1tka a zbyl\u00e1 s\u00fd\u0159enina se uchov\u00e1vala ve speci\u00e1ln\u00edch perforovan\u00fdch n\u00e1dob\u00e1ch nebo pytl\u00edch, aby z n\u00ed odkapala tekutina a z\u016fstal jen z\u00e1klad pro s\u00fdr.Sta\u0159\u00ed \u0158\u00edman\u00e9 se ve v\u00fdrob\u011b s\u00fdr\u016f doslova vy\u017e\u00edvali. Pou\u017e\u00edvali ml\u00e9ko&#8211;\u00a0\u00a0\u00a0\u00a0\u00a0\u00a0\u00a0\u00a0 ovc\u00ed&#8211;\u00a0\u00a0\u00a0\u00a0\u00a0\u00a0\u00a0\u00a0 koz&#8211;\u00a0\u00a0\u00a0\u00a0\u00a0\u00a0\u00a0\u00a0 krav&#8211;\u00a0\u00a0\u00a0\u00a0\u00a0\u00a0\u00a0\u00a0 oslica do vznikl\u00e9ho s\u00fdra p\u0159id\u00e1vali r\u016fzn\u00e9 p\u0159\u00edchut\u011b. Nap\u0159\u00edklad bylinky. Sv\u011bd\u010d\u00ed o tom p\u0159\u00edru\u010dka, kterou v pades\u00e1t\u00e9m roce, na\u0161eho letopo\u010dtu, sepsal jeden staro\u0159\u00edmsk\u00fd spisovatel a statk\u00e1\u0159.\tBarbarsk\u00e9 j\u00eddloV\u00fdvoj s\u00fdr\u016f ve st\u0159edov\u011bku, byl v\u00a0re\u017eii mnich\u016f.o\u00a0\u00a0 Dali vzniknout, roku 1070, francouzsk\u00e9mu s\u00fdru Roquefort.o\u00a0\u00a0 Ve \u0160v\u00fdcarsku se dostal na sv\u011btlo bo\u017e\u00ed, roku 1267, Emmental.o\u00a0\u00a0 Angli\u010dan\u00e9 dali sv\u011btu, v roce 1500, \u010cedar.Obl\u00edben\u00e9 s\u00fdry s pl\u00edsn\u00ed jsou, op\u011bt, d\u00edlem n\u00e1hody, kter\u00e1 se ud\u00e1la ve Francii.&#8211;\u00a0\u00a0\u00a0\u00a0\u00a0\u00a0\u00a0\u00a0 Pastevci zapomn\u011bli s\u00fdr v o\u0161atce a pak ho na\u0161li porostl\u00fd b\u00edlou pl\u00edsn\u00ed.&#8211;\u00a0\u00a0\u00a0\u00a0\u00a0\u00a0\u00a0\u00a0 D\u00edky tomu, \u017ee m\u011bli dost odvahy (nebo hladu), s\u00fdr nevyhodili.&#8211;\u00a0\u00a0\u00a0\u00a0\u00a0\u00a0\u00a0\u00a0 Zachutnal jim, a tak m\u00e1me s\u00fdr Brie.Jen u kr\u00e1lovsk\u00e9ho dvora se nemohli dlouho rozhodnout, jestli ten barbarsk\u00fd pokrm maj\u00ed, nebo nemaj\u00ed ochutnat.                                                                                                                                                                                                                                                                                                                                                                                        4.3\/5 - (6 votes)        "},{"@context":"https:\/\/schema.org\/","@type":"BreadcrumbList","itemListElement":[{"@type":"ListItem","position":1,"name":"Na s\u00fdru se pod\u00edlel i k\u016f\u0148","item":"https:\/\/www.bardi.cz\/na-syru-se-podilel-i-kun\/#breadcrumbitem"}]}]