[{"@context":"https:\/\/schema.org\/","@type":"Article","@id":"https:\/\/www.bardi.cz\/na-co-se-zamerit-pri-vyberu-kocarku\/#Article","mainEntityOfPage":"https:\/\/www.bardi.cz\/na-co-se-zamerit-pri-vyberu-kocarku\/","headline":"Na co se zam\u011b\u0159it p\u0159i v\u00fdb\u011bru ko\u010d\u00e1rku?","name":"Na co se zam\u011b\u0159it p\u0159i v\u00fdb\u011bru ko\u010d\u00e1rku?","description":"Ko\u010d\u00e1rek si kupujeme nejl\u00e9pe s vidinou, \u017ee n\u00e1m pro na\u0161eho potomka n\u011bjak\u00fd ten \u010das vydr\u017e\u00ed. Hodn\u011b maminek vyb\u00edr\u00e1 z po\u010d\u00e1tku p\u0159edev\u0161\u00edm o\u010dima, proto\u017ee ka\u017ed\u00e1 chce m\u00edt krom\u011b funk\u010dn\u00edho ko\u010d\u00e1rku i takov\u00fd ko\u010d\u00e1rek, kter\u00fd bude designov\u011b kr\u00e1sn\u00fd. Na co bychom se tedy m\u011bli zam\u011b\u0159it p\u0159i v\u00fdb\u011bru ko\u010d\u00e1rku? Ur\u010dit\u011b si s ko\u010d\u00e1rkem vyzkou\u0161ejte jet. Dobr\u00e9 prodejny v\u00e1m<em class=\"excrpt-more\"><a href=\"https:\/\/www.bardi.cz\/na-co-se-zamerit-pri-vyberu-kocarku\/\" class=\"more-link\">Continue reading <span class=\"screen-reader-text\">Na co se zam\u011b\u0159it p\u0159i v\u00fdb\u011bru ko\u010d\u00e1rku?<\/span><\/a><\/em>","datePublished":"2022-07-11","dateModified":"2023-05-01","author":{"@type":"Person","@id":"https:\/\/www.bardi.cz\/author\/#Person","name":"","url":"https:\/\/www.bardi.cz\/author\/","identifier":1,"image":{"@type":"ImageObject","@id":"https:\/\/secure.gravatar.com\/avatar\/c0c0e488d5f88ebdb5e32a558e21f6df03f38644814b5677bcd67e16813bee55?s=96&d=mm&r=g","url":"https:\/\/secure.gravatar.com\/avatar\/c0c0e488d5f88ebdb5e32a558e21f6df03f38644814b5677bcd67e16813bee55?s=96&d=mm&r=g","height":96,"width":96}},"publisher":{"@type":"Organization","name":"bardi.cz","logo":{"@type":"ImageObject","@id":"\/logo.png","url":"\/logo.png","width":600,"height":60}},"image":{"@type":"ImageObject","@id":"https:\/\/www.bardi.cz\/wp-content\/uploads\/pexels-marcin-jozwiak-3625705_1.jpg","url":"https:\/\/www.bardi.cz\/wp-content\/uploads\/pexels-marcin-jozwiak-3625705_1.jpg","height":0,"width":0},"url":"https:\/\/www.bardi.cz\/na-co-se-zamerit-pri-vyberu-kocarku\/","about":["Produkty"],"wordCount":430,"articleBody":"      Ko\u010d\u00e1rek si kupujeme nejl\u00e9pe s vidinou, \u017ee n\u00e1m pro na\u0161eho potomka n\u011bjak\u00fd ten \u010das vydr\u017e\u00ed. Hodn\u011b maminek vyb\u00edr\u00e1 z po\u010d\u00e1tku p\u0159edev\u0161\u00edm o\u010dima, proto\u017ee ka\u017ed\u00e1 chce m\u00edt krom\u011b funk\u010dn\u00edho ko\u010d\u00e1rku i takov\u00fd ko\u010d\u00e1rek, kter\u00fd bude designov\u011b kr\u00e1sn\u00fd.Na co bychom se tedy m\u011bli zam\u011b\u0159it p\u0159i v\u00fdb\u011bru ko\u010d\u00e1rku?Ur\u010dit\u011b si s ko\u010d\u00e1rkem vyzkou\u0161ejte jet. Dobr\u00e9 prodejny v\u00e1m nab\u00eddkou i j\u00edzdu na r\u016fzn\u00fdch ter\u00e9nech abyste si ozkou\u0161eli j\u00edzdn\u00ed vlastnosti ko\u010d\u00e1rku. Nevyb\u00edrejte pouze podle vzhledu a zb\u011b\u017en\u00e9 prohl\u00eddky. Dbejte na to, aby m\u011bl ko\u010d\u00e1rek nastaviteln\u00e1 madla. Bude to komfortn\u011bj\u0161\u00ed pro v\u00e1s, a\u017e ko\u010d\u00e1rek povezete. Nav\u00edc si m\u016f\u017ee madlo nastavit dle sv\u00e9 pot\u0159eby v\u017edy ten, kdo zrovna bude ko\u010d\u00e1rek tla\u010dit. Dejte tak\u00e9 pozor na to, jak dob\u0159e jsou odpru\u017een\u00e9 kola. To se li\u0161\u00ed v z\u00e1vislosti na to, do jak\u00e9ho ter\u00e9nu ko\u010d\u00e1rek vyb\u00edr\u00e1te. Matrace v ko\u010d\u00e1rku by m\u011bla b\u00fdt dostate\u010dn\u011b m\u011bkk\u00e1, aby se v n\u011bm d\u011b\u0165\u00e1tko c\u00edtilo pohodln\u011b a chr\u00e1nit miminko proti ot\u0159es\u016fm. Z\u00e1rove\u0148 by ale nem\u011bla b\u00fdt p\u0159\u00edli\u0161 m\u011bkk\u00e1, jeliko\u017e to nen\u00ed dobr\u00e9 pro pohybov\u00fd apar\u00e1t va\u0161eho d\u00edt\u011bte.Pokud v\u00edte, \u017ee budete ko\u010d\u00e1rek \u010dasto p\u0159ev\u00e1\u017eet autem, dejte si pozor na to, aby m\u011bl kola, kter\u00e1 jdou rychle odn\u00edmat. Ur\u010dit\u011b to v budoucnosti ocen\u00edte. D\u016fkladn\u011b se informujte tak\u00e9 o tom, zda m\u00e1 v\u00e1\u0161 ko\u010d\u00e1rek v\u0161echny pot\u0159ebn\u00e9 dopl\u0148ky. Tedy dostate\u010dn\u011b velk\u00fd prostor, kam m\u016f\u017eete ukl\u00e1dat v\u011bci nebo n\u00e1kup, sn\u00edmatelnou \u010di nastavitelnou st\u0159\u00ed\u0161ku, s\u00ed\u0165 proti hmyzu a podobn\u011b. Pokud hled\u00e1te ko\u010d\u00e1rek, kter\u00fd spl\u0148uje v\u0161e v\u00fd\u0161e uveden\u00e9, je skv\u011bl\u00fdm designov\u00fdm kouskem a se\u017eenete ho za rozumnou cenu, pod\u00edvejte se na ko\u010d\u00e1rek riko. Tyto ko\u010d\u00e1rky jsou dostupn\u00e9 v mnoha barevn\u00fdch proveden\u00edch, ale tak\u00e9 v r\u016fzn\u00fdch \u00faprav\u00e1ch, abyste si mohli vybrat dle toho, co od sv\u00e9ho ko\u010d\u00e1rku o\u010dek\u00e1v\u00e1te a jak\u00e9 typy preferujete.U ko\u010d\u00e1rku se nevyplat\u00ed s\u00e1hnout po t\u00e9 nejlevn\u011bj\u0161\u00ed variant\u011b. Pokud si to m\u016f\u017eete dovolit, v\u017edy vyb\u00edrejte ko\u010d\u00e1rek podle toho, aby byl t\u00edm nejlep\u0161\u00edm pro va\u0161e d\u00edt\u011b.                                                                                                                                                                                                                                                                                                                                                                                          2\/5 - (1 vote)        "},{"@context":"https:\/\/schema.org\/","@type":"BreadcrumbList","itemListElement":[{"@type":"ListItem","position":1,"name":"Na co se zam\u011b\u0159it p\u0159i v\u00fdb\u011bru ko\u010d\u00e1rku?","item":"https:\/\/www.bardi.cz\/na-co-se-zamerit-pri-vyberu-kocarku\/#breadcrumbitem"}]}]