[{"@context":"https:\/\/schema.org\/","@type":"Article","@id":"https:\/\/www.bardi.cz\/moda-osmdesatek\/#Article","mainEntityOfPage":"https:\/\/www.bardi.cz\/moda-osmdesatek\/","headline":"M\u00f3da osmdes\u00e1tek","name":"M\u00f3da osmdes\u00e1tek","description":"Co jsme to vlastn\u011b ukl\u00e1dali do sk\u0159\u00edn\u011b, na ram\u00ednka \u010di v\u011b\u0161\u00e1k v osmdes\u00e1t\u00fdch letech minul\u00e9ho stolet\u00ed? A co jsme t\u0159eba nosili na hlav\u011b? Poj\u010fme trochu zavzpom\u00ednat!\u00a0Jak to tenkr\u00e1t vlastn\u011b bylo? V t\u00e9 dob\u011b zaznamen\u00e1vala ekonomika rozvoj a vzestup. V Anglii velela \u017delezn\u00e1 lady, v Americe Regan a u n\u00e1s m\u011bl nejv\u011bt\u0161\u00ed slovo Velk\u00fd bratr z<em class=\"excrpt-more\"><a href=\"https:\/\/www.bardi.cz\/moda-osmdesatek\/\" class=\"more-link\">Continue reading <span class=\"screen-reader-text\">M\u00f3da osmdes\u00e1tek<\/span><\/a><\/em>","datePublished":"2018-09-14","dateModified":"2023-05-01","author":{"@type":"Person","@id":"https:\/\/www.bardi.cz\/author\/#Person","name":"","url":"https:\/\/www.bardi.cz\/author\/","identifier":1,"image":{"@type":"ImageObject","@id":"https:\/\/secure.gravatar.com\/avatar\/c0c0e488d5f88ebdb5e32a558e21f6df03f38644814b5677bcd67e16813bee55?s=96&d=mm&r=g","url":"https:\/\/secure.gravatar.com\/avatar\/c0c0e488d5f88ebdb5e32a558e21f6df03f38644814b5677bcd67e16813bee55?s=96&d=mm&r=g","height":96,"width":96}},"publisher":{"@type":"Organization","name":"bardi.cz","logo":{"@type":"ImageObject","@id":"\/logo.png","url":"\/logo.png","width":600,"height":60}},"image":{"@type":"ImageObject","@id":"https:\/\/www.bardi.cz\/wp-content\/uploads\/img_a326209_w2167_t1538306379.jpg","url":"https:\/\/www.bardi.cz\/wp-content\/uploads\/img_a326209_w2167_t1538306379.jpg","height":0,"width":0},"url":"https:\/\/www.bardi.cz\/moda-osmdesatek\/","wordCount":517,"articleBody":"Co jsme to vlastn\u011b ukl\u00e1dali do sk\u0159\u00edn\u011b, na ram\u00ednka \u010di v\u011b\u0161\u00e1k v osmdes\u00e1t\u00fdch letech minul\u00e9ho stolet\u00ed? A co jsme t\u0159eba nosili na hlav\u011b? Poj\u010fme trochu zavzpom\u00ednat!\u00a0Jak to tenkr\u00e1t vlastn\u011b bylo?V t\u00e9 dob\u011b zaznamen\u00e1vala ekonomika rozvoj a vzestup. V Anglii velela \u017delezn\u00e1 lady, v Americe Regan a u n\u00e1s m\u011bl nejv\u011bt\u0161\u00ed slovo Velk\u00fd bratr z v\u00fdchodu. Hudebn\u00ed hitpar\u00e1dy ovl\u00e1dala Sandra, Madonna, Jackson, Rick Astley, ale i spousta \u201etvrd\u0161\u00edch\u201c rockov\u00fdch hudebn\u00edk\u016f (Metallica, Ozzy Osbourne, Alice Cooper a jin\u00ed). M\u00f3da byla divok\u00e1, pestr\u00e1 a leskl\u00e1. M\u00edsily se v n\u00ed prvky v\u00edce kultur. Zd\u016fraz\u0148ovala postavu, ale z\u00e1rove\u0148 jaksi st\u00edrala rozd\u00edly v obl\u00e9k\u00e1n\u00ed \u017een a obl\u00e9k\u00e1n\u00ed mu\u017e\u016f.\u00a0\u0160aty, saka, trika a halenkyTyto kousky se dopl\u0148ovaly v\u00fdrazn\u00fdmi vycp\u00e1vkami na ramenech. Vytv\u00e1\u0159ely m\u00f3dn\u00ed hranatou siluetu. Vlastn\u011b se tenkr\u00e1t bez nich nedalo nic sehnat a kdo m\u011bl \u0161ir\u0161\u00ed ramena od p\u0159\u00edrody, musel vycp\u00e1vky prost\u011b v\u017edy z oble\u010den\u00ed p\u00e1rat. Na v\u0161em se nosily tak\u00e9 velk\u00e9 v\u00fdrazn\u00e9 p\u00e1sky. Op\u00e1sala se halenka, triko i dlouh\u00fd svetr, k tomu se nosily leg\u00edny \u010di elastick\u00e9 minisukn\u011b. Obl\u00e9kaly se r\u016fzn\u00e9 overaly, samoz\u0159ejm\u011b s vycp\u00e1vkami a p\u00e1sky.\u00a0Pl\u00edse\u0148 a leg\u00ednyPro m\u00f3du tohoto obdob\u00ed byly charakteristick\u00e9 leg\u00edny, kter\u00e9 se nosily v r\u016fzn\u00fdch proveden\u00edch tak\u0159ka ke v\u0161emu. Na hodinu aerobiku i do pr\u00e1ce, k tenisk\u00e1m i lodi\u010dk\u00e1m, v lesku i v neonov\u00fdch barv\u00e1ch. Tak\u00e9 se nosily d\u017e\u00edny, ov\u0161em u n\u00e1s to bylo dosti nedostatkov\u00e9 zbo\u017e\u00ed, kter\u00e9 se dalo sehnat jen dosti draho v Tuzexu. V proveden\u00ed \u201epl\u00eds\u0148\u00e1ky\u201c je cht\u011bl ka\u017ed\u00fd. Ty jsou ostatn\u011b v m\u00f3d\u011b op\u011bt a jsou zn\u00e1my i t\u011bm mlad\u0161\u00edm ro\u010dn\u00edk\u016fm, co \u017e\u00e1dn\u00fd Tuzex nemohou pamatovat. D\u017e\u00edny i kalhoty z jin\u00fdch materi\u00e1l\u016f se tak\u00e9 nosily ve st\u0159ihu \u201emrkv\u00e1\u010de\u201c. Byly naho\u0159e \u0161irok\u00e9 a u kotn\u00edk\u016f ji\u017e uzou\u010dk\u00e9, \u017ee se sotva nohy prot\u00e1hly!\u00a0Prvky disca i rockuNa m\u00f3dn\u00edch p\u0159ehl\u00eddk\u00e1ch, ale i na ulic\u00edch, bylo k vid\u011bn\u00ed oble\u010den\u00ed v z\u00e1\u0159iv\u00fdch barv\u00e1ch, \u010dasto vyzdoben\u00e9 flitry. Z dopl\u0148k\u016f to byly v\u00fdrazn\u00e9 n\u00e1u\u0161nice a \u0159et\u011bzy na krk, ruce i kotn\u00edky. Rocke\u0159i nosili d\u017e\u00ednovinu, k\u016f\u017ei, mohutn\u00e9 boty. O zdoben\u00ed se postaraly n\u00e1\u0161ivky, cvo\u010dky i t\u0159eba sp\u00ednac\u00ed \u0161pendl\u00edky. Za\u010dal b\u00fdt popul\u00e1rn\u00ed pircing.\u00a0Ofinka a trval\u00e1\u00da\u010desy byly tak\u00e9 \u010dasto \u201edivok\u00e9\u201c. Nosily se h\u0159\u00edvy vyroben\u00e9 natup\u00edrov\u00e1n\u00edm. S objemem a vlnkami pom\u00e1hala trval\u00e1 (\u017een\u00e1m i mu\u017e\u016fm!). Na \u010dele se hodn\u011b \u010dasto vytv\u00e1\u0159ela krat\u0161\u00ed ofina. M\u00f3da se \u010dasto vrac\u00ed. No za sebe mohu prohl\u00e1sit, \u017ee k \u201etrv\u010de\u201c se ur\u010dit\u011b vracet nebudu!                                                                                                                                                                                                                                                                                                                                                                                        4.8\/5 - (6 votes)        "},{"@context":"https:\/\/schema.org\/","@type":"BreadcrumbList","itemListElement":[{"@type":"ListItem","position":1,"name":"M\u00f3da osmdes\u00e1tek","item":"https:\/\/www.bardi.cz\/moda-osmdesatek\/#breadcrumbitem"}]}]