[{"@context":"https:\/\/schema.org\/","@type":"Article","@id":"https:\/\/www.bardi.cz\/kvalita-na-prvnim-miste\/#Article","mainEntityOfPage":"https:\/\/www.bardi.cz\/kvalita-na-prvnim-miste\/","headline":"Kvalita na prvn\u00edm m\u00edst\u011b","name":"Kvalita na prvn\u00edm m\u00edst\u011b","description":"Pr\u00e1v\u011b jste se pustili do rekonstrukce sv\u00e9 firmy a dostali jste se do f\u00e1ze, kdy vybavujete opraven\u00e9 kancel\u00e1\u0159e? Pot\u0159ebujete tedy sehnat p\u0159edev\u0161\u00edm kvalitn\u00ed n\u00e1bytek, kter\u00fd by se do t\u011bchto prostor hodil a byl p\u0159edev\u0161\u00edm dob\u0159e vyu\u017eiteln\u00fd? Pokud m\u00e1te takov\u00e9 p\u0159edstavy, pak V\u00e1m m\u016f\u017eeme pomoci, proto\u017ee pr\u00e1v\u011b na\u0161e spole\u010dnost tento druh n\u00e1bytku nab\u00edz\u00ed. Bude z\u00e1le\u017eet pouze<em class=\"excrpt-more\"><a href=\"https:\/\/www.bardi.cz\/kvalita-na-prvnim-miste\/\" class=\"more-link\">Continue reading <span class=\"screen-reader-text\">Kvalita na prvn\u00edm m\u00edst\u011b<\/span><\/a><\/em>","datePublished":"2024-12-22","dateModified":"2024-12-22","author":{"@type":"Person","@id":"https:\/\/www.bardi.cz\/author\/#Person","name":"","url":"https:\/\/www.bardi.cz\/author\/","identifier":1,"image":{"@type":"ImageObject","@id":"https:\/\/secure.gravatar.com\/avatar\/c0c0e488d5f88ebdb5e32a558e21f6df03f38644814b5677bcd67e16813bee55?s=96&d=mm&r=g","url":"https:\/\/secure.gravatar.com\/avatar\/c0c0e488d5f88ebdb5e32a558e21f6df03f38644814b5677bcd67e16813bee55?s=96&d=mm&r=g","height":96,"width":96}},"publisher":{"@type":"Organization","name":"bardi.cz","logo":{"@type":"ImageObject","@id":"\/logo.png","url":"\/logo.png","width":600,"height":60}},"url":"https:\/\/www.bardi.cz\/kvalita-na-prvnim-miste\/","wordCount":258,"articleBody":"Pr\u00e1v\u011b jste se pustili do rekonstrukce sv\u00e9 firmy a dostali jste se do f\u00e1ze, kdy vybavujete opraven\u00e9 kancel\u00e1\u0159e? Pot\u0159ebujete tedy sehnat p\u0159edev\u0161\u00edm kvalitn\u00ed n\u00e1bytek, kter\u00fd by se do t\u011bchto prostor hodil a byl p\u0159edev\u0161\u00edm dob\u0159e vyu\u017eiteln\u00fd? Pokud m\u00e1te takov\u00e9 p\u0159edstavy, pak V\u00e1m m\u016f\u017eeme pomoci, proto\u017ee pr\u00e1v\u011b na\u0161e spole\u010dnost tento druh n\u00e1bytku nab\u00edz\u00ed. Bude z\u00e1le\u017eet pouze na V\u00e1s, kter\u00e9 barvy \u010di kter\u00fd design bude nejlep\u0161\u00ed pro interi\u00e9r, kter\u00fd chcete vybavit. My V\u00e1m nab\u00edz\u00edme n\u00e1bytek mnoha zna\u010dek a to od nejlevn\u011bj\u0161\u00edho po dra\u017e\u0161\u00ed kusy, kter\u00e9 jsou ov\u0161em \u0161pi\u010dkov\u00e9! Mnoho barev M\u00e1te p\u0159edstavu takovou, \u017ee byste si sladili kancel\u00e1\u0159 \u010di pracovnu do sv\u011btl\u00e9ho d\u0159eva, ale nev\u00edte, zdali takovou p\u011bknou barvu se\u017eenete? Cht\u011bli byste d\u0159evo v kombinaci s n\u011bjak\u00fdm p\u011bkn\u00fdm kovem, tak\u017ee prohled\u00e1v\u00e1te nab\u00eddky? Nahl\u00e9dn\u011bte tedy i do t\u00e9 na\u0161\u00ed, proto\u017ee pr\u00e1v\u011b tam naleznete kvalitn\u00ed kancel\u00e1\u0159sk\u00fd n\u00e1bytek, kter\u00fd skv\u011ble zapadne do interi\u00e9ru. Pak si sta\u010d\u00ed vybrat spr\u00e1vn\u00e9 parametry a bude po starostech s n\u00e1kupy! A co kdy\u017e si nebudete v\u011bd\u011bt rady, co kdy\u017e budete pot\u0159ebovat pomoci s v\u00fdb\u011brem? Potom jsou zde pro V\u00e1s na\u0161i pro\u0161kolen\u00ed zam\u011bstnanci, kte\u0159\u00ed v\u011bd\u00ed, pro co a kam s\u00e1hnout, doporu\u010d\u00ed to nejlep\u0161\u00ed.                                                                                                                                                                                                                                                                                                                                                                                        4\/5 - (2 votes)        "},{"@context":"https:\/\/schema.org\/","@type":"BreadcrumbList","itemListElement":[{"@type":"ListItem","position":1,"name":"Kvalita na prvn\u00edm m\u00edst\u011b","item":"https:\/\/www.bardi.cz\/kvalita-na-prvnim-miste\/#breadcrumbitem"}]}]