[{"@context":"https:\/\/schema.org\/","@type":"Article","@id":"https:\/\/www.bardi.cz\/komfortni-stanek\/#Article","mainEntityOfPage":"https:\/\/www.bardi.cz\/komfortni-stanek\/","headline":"Komfortn\u00ed st\u00e1nek","name":"Komfortn\u00ed st\u00e1nek","description":"Ano, nejenom va\u0161i z\u00e1kazn\u00edci, ale i vy budete m\u00edt zaji\u0161t\u011bn po cel\u00fd den komfort u\u017eit\u00ed uvnit\u0159! Mysl\u00edme i na v\u00e1s, mysl\u00edme na to, \u017ee mnohdy v t\u011bchto prostor\u00e1ch tr\u00e1v\u00edte dlouh\u00e9 hodiny. Je zde d\u00edky speci\u00e1ln\u00edm st\u011bn\u00e1m udr\u017eov\u00e1na p\u0159\u00edjemn\u00e1 pocitov\u00e1 teplota po cel\u00fd rok! M\u016f\u017eete se bez probl\u00e9mu v\u011bnovat sv\u00e9mu podnik\u00e1n\u00ed a nemyslet na nic jin\u00e9ho.<em class=\"excrpt-more\"><a href=\"https:\/\/www.bardi.cz\/komfortni-stanek\/\" class=\"more-link\">Continue reading <span class=\"screen-reader-text\">Komfortn\u00ed st\u00e1nek<\/span><\/a><\/em>","datePublished":"2024-10-25","dateModified":"2024-10-25","author":{"@type":"Person","@id":"https:\/\/www.bardi.cz\/author\/#Person","name":"","url":"https:\/\/www.bardi.cz\/author\/","identifier":1,"image":{"@type":"ImageObject","@id":"https:\/\/secure.gravatar.com\/avatar\/c0c0e488d5f88ebdb5e32a558e21f6df03f38644814b5677bcd67e16813bee55?s=96&d=mm&r=g","url":"https:\/\/secure.gravatar.com\/avatar\/c0c0e488d5f88ebdb5e32a558e21f6df03f38644814b5677bcd67e16813bee55?s=96&d=mm&r=g","height":96,"width":96}},"publisher":{"@type":"Organization","name":"bardi.cz","logo":{"@type":"ImageObject","@id":"\/logo.png","url":"\/logo.png","width":600,"height":60}},"url":"https:\/\/www.bardi.cz\/komfortni-stanek\/","wordCount":269,"articleBody":"Ano, nejenom va\u0161i z\u00e1kazn\u00edci, ale i vy budete m\u00edt zaji\u0161t\u011bn po cel\u00fd den komfort u\u017eit\u00ed uvnit\u0159! Mysl\u00edme i na v\u00e1s, mysl\u00edme na to, \u017ee mnohdy v t\u011bchto prostor\u00e1ch tr\u00e1v\u00edte dlouh\u00e9 hodiny. Je zde d\u00edky speci\u00e1ln\u00edm st\u011bn\u00e1m udr\u017eov\u00e1na p\u0159\u00edjemn\u00e1 pocitov\u00e1 teplota po cel\u00fd rok! M\u016f\u017eete se bez probl\u00e9mu v\u011bnovat sv\u00e9mu podnik\u00e1n\u00ed a nemyslet na nic jin\u00e9ho. Spojte se s kvalitn\u00edm v\u00fdrobcem, zajist\u011bte si prodejn\u00ed st\u00e1nek u n\u00e1s! Nikdo v\u00e1m nem\u016f\u017ee zaru\u010dit zpracov\u00e1n\u00ed podle va\u0161ich po\u017eadavk\u016f, ne\u017e my! Nepod\u0159izujte se n\u00e1m, my se r\u00e1di pod\u0159\u00edd\u00edme v\u00e1m ve v\u0161ech aspektech! Pokud jste n\u011bkdy tou\u017eili rozjet podnik\u00e1n\u00ed pr\u00e1v\u011b v tomto oboru, te\u010f m\u00e1te jedine\u010dnou mo\u017enost! Te\u010f je ta spr\u00e1vn\u00e1 doba na realizaci va\u0161ich p\u0159\u00e1n\u00ed a po\u017eadavk\u016f!V\u0161e na \u00farovniA\u0165 za\u010d\u00edn\u00e1te, nebo u\u017e se v oblasti ob\u010derstven\u00ed pohybujete dlouhou dobu, sami nejl\u00e9pe v\u00edte, \u017ee celkov\u00fd dojem mus\u00ed b\u00fdt perfektn\u00ed! Jen tak se u v\u00e1s zastav\u00ed z\u00e1kazn\u00edk, jen tak si vybere produkt, kter\u00fd nab\u00edz\u00edte! Spole\u010dn\u011b s na\u0161imi v\u00fdrobky jste na dobr\u00e9 cest\u011b, jak si v\u0161echny tyto slo\u017eky zajistit! Neponechejte nic n\u00e1hod\u011b a vybavte se nadstandardn\u00edm, nad\u010dasov\u00fdm za\u0159\u00edzen\u00edm, kter\u00e9 jednozna\u010dn\u011b ocen\u00ed ka\u017ed\u00fd, kdo kdy v tomto oboru realizoval svoje pl\u00e1ny!                                                                                                                                                                                                                                                                                                                                                                                        5\/5 - (4 votes)        "},{"@context":"https:\/\/schema.org\/","@type":"BreadcrumbList","itemListElement":[{"@type":"ListItem","position":1,"name":"Komfortn\u00ed st\u00e1nek","item":"https:\/\/www.bardi.cz\/komfortni-stanek\/#breadcrumbitem"}]}]