[{"@context":"https:\/\/schema.org\/","@type":"Article","@id":"https:\/\/www.bardi.cz\/kdyz-jednatel-jedna\/#Article","mainEntityOfPage":"https:\/\/www.bardi.cz\/kdyz-jednatel-jedna\/","headline":"Kdy\u017e jednatel jedn\u00e1","name":"Kdy\u017e jednatel jedn\u00e1","description":"Pokud vlastn\u00edme nebo jsme n\u011bkdy zakl\u00e1dali spole\u010dnost, v\u0161imli jsme si, \u017ee ka\u017ed\u00e1 mus\u00ed m\u00edt n\u011bjak\u00e9ho jednatele. Nemus\u00ed to b\u00fdt \u010dasto odli\u0161n\u00e1 osoba od vlastn\u00edka \u010di sp\u00ed\u0161e spole\u010dn\u00edka, p\u0159esto role jednatele je nadm\u00edru d\u016fle\u017eit\u00e1. Pr\u00e1vnick\u00e1 osoba sice m\u00e1 pr\u00e1vn\u00ed subjektivitu, ale st\u00e1le je to tzv. pr\u00e1vn\u00ed fikce \u2013 tedy n\u011bco, co re\u00e1ln\u011b neexistuje, nem\u016f\u017eeme si na<em class=\"excrpt-more\"><a href=\"https:\/\/www.bardi.cz\/kdyz-jednatel-jedna\/\" class=\"more-link\">Continue reading <span class=\"screen-reader-text\">Kdy\u017e jednatel jedn\u00e1<\/span><\/a><\/em>","datePublished":"2025-03-04","dateModified":"2023-05-01","author":{"@type":"Person","@id":"https:\/\/www.bardi.cz\/author\/#Person","name":"","url":"https:\/\/www.bardi.cz\/author\/","identifier":1,"image":{"@type":"ImageObject","@id":"https:\/\/secure.gravatar.com\/avatar\/c0c0e488d5f88ebdb5e32a558e21f6df03f38644814b5677bcd67e16813bee55?s=96&d=mm&r=g","url":"https:\/\/secure.gravatar.com\/avatar\/c0c0e488d5f88ebdb5e32a558e21f6df03f38644814b5677bcd67e16813bee55?s=96&d=mm&r=g","height":96,"width":96}},"publisher":{"@type":"Organization","name":"bardi.cz","logo":{"@type":"ImageObject","@id":"\/logo.png","url":"\/logo.png","width":600,"height":60}},"image":{"@type":"ImageObject","@id":"https:\/\/www.bardi.cz\/wp-content\/uploads\/img_a309026_w2210_t1520009045.jpg","url":"https:\/\/www.bardi.cz\/wp-content\/uploads\/img_a309026_w2210_t1520009045.jpg","height":0,"width":0},"url":"https:\/\/www.bardi.cz\/kdyz-jednatel-jedna\/","wordCount":487,"articleBody":"\tPokud vlastn\u00edme nebo jsme n\u011bkdy zakl\u00e1dali spole\u010dnost, v\u0161imli jsme si, \u017ee ka\u017ed\u00e1 mus\u00ed m\u00edt n\u011bjak\u00e9ho jednatele. Nemus\u00ed to b\u00fdt \u010dasto odli\u0161n\u00e1 osoba od vlastn\u00edka \u010di sp\u00ed\u0161e spole\u010dn\u00edka, p\u0159esto role jednatele je nadm\u00edru d\u016fle\u017eit\u00e1. Pr\u00e1vnick\u00e1 osoba sice m\u00e1 pr\u00e1vn\u00ed subjektivitu, ale st\u00e1le je to tzv. pr\u00e1vn\u00ed fikce \u2013 tedy n\u011bco, co re\u00e1ln\u011b neexistuje, nem\u016f\u017eeme si na spole\u010dnost \u0161\u00e1hnout nebo s\u00a0n\u00ed mluvit, ale ta pr\u00e1vn\u00ed osobnost je odvozena od fyzick\u00fdch osob v\u00a0n\u00ed sdru\u017een\u00fdch. A pr\u00e1v\u011b v\u016fli t\u00e9to spole\u010dnosti p\u0159edstavuje pr\u00e1v\u011b jednatel, tedy \u010dlov\u011bk, kter\u00fd na sebe bere zodpov\u011bdnost za v\u0161echna obchodn\u00ed jedn\u00e1n\u00ed.\t\tKdo m\u016f\u017ee b\u00fdt jednatel?\tJednatelem m\u016f\u017ee b\u00fdt ka\u017ed\u00fd fyzick\u00e1, ale i pr\u00e1vnick\u00e1 osoba (z\u00e1le\u017e\u00ed, o jak\u00e9m typu obchodn\u00ed korporace mluv\u00edme), kter\u00e1 je sv\u00e9pr\u00e1vn\u00e1, plnolet\u00e1 a pokud dan\u00e1 spole\u010dnost podnik\u00e1 v\u00a0n\u011bjak\u00e9m p\u0159edm\u011btu podnik\u00e1n\u00ed, je t\u0159eba aby bu\u010f jednatel nebo osoba j\u00edm pov\u011b\u0159en\u00e1 m\u011bla p\u0159\u00edslu\u0161n\u00e9 \u017eivnostensk\u00e9 opr\u00e1vn\u011bn\u00ed. D\u00e1le mus\u00ed j\u00edt o osobu bez\u00fahonnou, s\u00a0\u010dist\u00fdm trestn\u00edm rejst\u0159\u00edkem, a hlavn\u011b bez z\u00e1kazu v\u00fdkonu funkce. To se ostatn\u011b st\u00e1v\u00e1 p\u0159ek\u00e1\u017ekou pro ty, kte\u0159\u00ed v\u00a0minulosti nebyli zrovna ide\u00e1ln\u00edmi jednateli a soud je za to nejen potrestal pokutou, ale dal jim tak\u00e9 z\u00e1kaz p\u016fsobit jako jednatel\u00e9 v\u00a0n\u011bjak\u00e9 dal\u0161\u00ed spole\u010dnosti. To \u017ee jeden nem\u016f\u017ee b\u00fdt jednatel v\u0161ak neznamen\u00e1, \u017ee musel v\u00a0minulosti n\u011bkoho podv\u00e9st. Sta\u010d\u00ed, \u017ee je\u0161t\u011b p\u0159ed chv\u00edli p\u016fsobil jako jednatel v\u00a0jin\u00e9 spole\u010dnosti.\t\tJak se m\u00e1 jednatel chovat?\tP\u0159edev\u0161\u00edm jednatel je v\u00e1z\u00e1n spoustou povinnost\u00ed, n\u011bkter\u00e9 z\u00a0nich by prost\u00fd \u010dlov\u011bk posoudil jako protich\u016fdn\u00e9. Nap\u0159\u00edklad ka\u017ed\u00fd jednatel mus\u00ed jednat s\u00a0p\u00e9\u010d\u00ed \u0159\u00e1dn\u00e9ho hospod\u00e1\u0159e, co\u017e znamen\u00e1, \u017ee v\u00a0obchodn\u00edm rozhodov\u00e1n\u00ed mus\u00ed jednat tak, aby nep\u0159ivedl spole\u010dnost do insolvence nebo \u00fapadku, mus\u00ed v\u017edy rozhodovat podle toho, jak by rozhodoval jin\u00fd b\u011b\u017en\u011b racion\u00e1ln\u00ed \u010dlov\u011bk na jeho m\u00edst\u011b, av\u0161ak ve stejnou dobu se nesm\u00ed uch\u00fdlit k\u00a0nic ned\u011bl\u00e1n\u00ed, nebo\u0165 obchod, to jsou rizika a zisky, a pokud nepodstupuje p\u0159im\u011b\u0159en\u00e1 rizika, m\u016f\u017ee tak\u00e9 poru\u0161it povinnost s\u00a0p\u00e9\u010d\u00ed \u0159\u00e1dn\u00e9ho hospod\u00e1\u0159e. To znamen\u00e1 tedy, \u017ee mus\u00ed d\u011blat p\u0159esn\u011b tolik a p\u0159esn\u011b tak moc, aby to nebylo a\u017e p\u0159\u00edli\u0161 rizikov\u00e9, ale p\u0159ece jen trochu to rizikov\u00e9 b\u00fdt m\u016f\u017ee.\t\u00a0\tOstatn\u011b jednatel, to je v\u016fle spole\u010dnosti. A i kdy\u017e si mnoz\u00ed p\u0159edstav\u00ed jenom p\u011bkn\u00fd plat, je to p\u0159edev\u0161\u00edm tak\u00e9 zodpov\u011bdnost.                                                                                                                                                                                                                                                                                                                                                                                        3.7\/5 - (6 votes)        "},{"@context":"https:\/\/schema.org\/","@type":"BreadcrumbList","itemListElement":[{"@type":"ListItem","position":1,"name":"Kdy\u017e jednatel jedn\u00e1","item":"https:\/\/www.bardi.cz\/kdyz-jednatel-jedna\/#breadcrumbitem"}]}]